{"id":3683,"date":"2019-03-02T12:05:01","date_gmt":"2019-03-02T11:05:01","guid":{"rendered":"https:\/\/www.bever.de\/?p=3683"},"modified":"2023-03-01T12:10:10","modified_gmt":"2023-03-01T11:10:10","slug":"fastener-fair-2019","status":"publish","type":"post","link":"https:\/\/www.bever.de\/en\/aktuelles\/fastener-fair-2019\/","title":{"rendered":"Fastener Fair 2019"},"content":{"rendered":"<p>The 8th International Trade Fair for Joining and Fastening Technology has ended successfully. 987 exhibitors from 45 countries presented themselves to the interested public in Stuttgart. We would like to thank all visitors to our stand for the many interesting discussions.<\/p>\n\n\n\n<p><a href=\"http:\/\/www.fastenerfair.com\/stuttgart\/deutsch\/\" target=\"_blank\" rel=\"noreferrer noopener\">You can find more information about the fair here &gt;<\/a><\/p>","protected":false},"excerpt":{"rendered":"<p>The 8th International Trade Fair for Joining and Fastening Technology has ended successfully. 987 exhibitors from 45 countries presented themselves to the interested public in Stuttgart. We would like to thank all visitors to our stand for the many interesting discussions. You can find more information about the trade fair here &gt;<\/p>","protected":false},"author":2,"featured_media":3684,"comment_status":"open","ping_status":"open","sticky":false,"template":"","format":"standard","meta":{"site-sidebar-layout":"default","site-content-layout":"","ast-site-content-layout":"","site-content-style":"default","site-sidebar-style":"default","ast-global-header-display":"","ast-banner-title-visibility":"","ast-main-header-display":"","ast-hfb-above-header-display":"","ast-hfb-below-header-display":"","ast-hfb-mobile-header-display":"","site-post-title":"","ast-breadcrumbs-content":"","ast-featured-img":"","footer-sml-layout":"","theme-transparent-header-meta":"","adv-header-id-meta":"","stick-header-meta":"","header-above-stick-meta":"","header-main-stick-meta":"","header-below-stick-meta":"","astra-migrate-meta-layouts":"default","ast-page-background-enabled":"default","ast-page-background-meta":{"desktop":{"background-color":"var(--ast-global-color-4)","background-image":"","background-repeat":"repeat","background-position":"center center","background-size":"auto","background-attachment":"scroll","background-type":"","background-media":"","overlay-type":"","overlay-color":"","overlay-opacity":"","overlay-gradient":""},"tablet":{"background-color":"","background-image":"","background-repeat":"repeat","background-position":"center center","background-size":"auto","background-attachment":"scroll","background-type":"","background-media":"","overlay-type":"","overlay-color":"","overlay-opacity":"","overlay-gradient":""},"mobile":{"background-color":"","background-image":"","background-repeat":"repeat","background-position":"center center","background-size":"auto","background-attachment":"scroll","background-type":"","background-media":"","overlay-type":"","overlay-color":"","overlay-opacity":"","overlay-gradient":""}},"ast-content-background-meta":{"desktop":{"background-color":"var(--ast-global-color-5)","background-image":"","background-repeat":"repeat","background-position":"center center","background-size":"auto","background-attachment":"scroll","background-type":"","background-media":"","overlay-type":"","overlay-color":"","overlay-opacity":"","overlay-gradient":""},"tablet":{"background-color":"var(--ast-global-color-5)","background-image":"","background-repeat":"repeat","background-position":"center center","background-size":"auto","background-attachment":"scroll","background-type":"","background-media":"","overlay-type":"","overlay-color":"","overlay-opacity":"","overlay-gradient":""},"mobile":{"background-color":"var(--ast-global-color-5)","background-image":"","background-repeat":"repeat","background-position":"center center","background-size":"auto","background-attachment":"scroll","background-type":"","background-media":"","overlay-type":"","overlay-color":"","overlay-opacity":"","overlay-gradient":""}},"footnotes":""},"categories":[14,13],"tags":[],"class_list":["post-3683","post","type-post","status-publish","format-standard","has-post-thumbnail","hentry","category-aktuelles","category-fachwissen"],"yoast_head":"<!-- This site is optimized with the Yoast SEO plugin v27.4 - https:\/\/yoast.com\/product\/yoast-seo-wordpress\/ -->\n<title>Fastener Fair 2019 | Bever Befestigungstechnik<\/title>\n<meta name=\"robots\" content=\"index, follow, max-snippet:-1, max-image-preview:large, max-video-preview:-1\" \/>\n<link rel=\"canonical\" href=\"https:\/\/www.bever.de\/en\/aktuelles\/fastener-fair-2019\/\" \/>\n<meta property=\"og:locale\" content=\"en_GB\" \/>\n<meta property=\"og:type\" content=\"article\" \/>\n<meta property=\"og:title\" content=\"Fastener Fair 2019 | Bever Befestigungstechnik\" \/>\n<meta property=\"og:description\" content=\"Die 8. Internationale Fachmesse der Verbindungs- und Befestigungstechnik ist erfolgreich beendet. 987 Aussteller aus 45 L\u00e4ndern pr\u00e4sentierten sich in Stuttgart dem interessierten Publikum. Wir bedanken uns bei allen Besuchern unseres Messestandes f\u00fcr die vielen interessanten Gespr\u00e4che. Weitere Informationen zur Messe finden Sie hier &gt;\" \/>\n<meta property=\"og:url\" content=\"https:\/\/www.bever.de\/en\/aktuelles\/fastener-fair-2019\/\" \/>\n<meta property=\"og:site_name\" content=\"Bever Befestigungstechnik\" \/>\n<meta property=\"article:published_time\" content=\"2019-03-02T11:05:01+00:00\" \/>\n<meta property=\"article:modified_time\" content=\"2023-03-01T11:10:10+00:00\" \/>\n<meta property=\"og:image\" content=\"https:\/\/www.bever.de\/wp-content\/uploads\/2023\/03\/fastener-fair-2017-stand.jpeg\" \/>\n\t<meta property=\"og:image:width\" content=\"705\" \/>\n\t<meta property=\"og:image:height\" content=\"415\" \/>\n\t<meta property=\"og:image:type\" content=\"image\/jpeg\" \/>\n<meta name=\"author\" content=\"Johanna Kroczek\" \/>\n<meta name=\"twitter:card\" content=\"summary_large_image\" \/>\n<meta name=\"twitter:label1\" content=\"Written by\" \/>\n\t<meta name=\"twitter:data1\" content=\"Johanna Kroczek\" \/>\n\t<meta name=\"twitter:label2\" content=\"Estimated reading time\" \/>\n\t<meta name=\"twitter:data2\" content=\"1 minute\" \/>\n<script type=\"application\/ld+json\" class=\"yoast-schema-graph\">{\"@context\":\"https:\\\/\\\/schema.org\",\"@graph\":[{\"@type\":\"Article\",\"@id\":\"https:\\\/\\\/www.bever.de\\\/fachwissen\\\/fastener-fair-2019\\\/#article\",\"isPartOf\":{\"@id\":\"https:\\\/\\\/www.bever.de\\\/fachwissen\\\/fastener-fair-2019\\\/\"},\"author\":{\"name\":\"Johanna Kroczek\",\"@id\":\"https:\\\/\\\/www.bever.de\\\/#\\\/schema\\\/person\\\/ca627e4038de5aa5cda44a07ddb06db4\"},\"headline\":\"Fastener Fair 2019\",\"datePublished\":\"2019-03-02T11:05:01+00:00\",\"dateModified\":\"2023-03-01T11:10:10+00:00\",\"mainEntityOfPage\":{\"@id\":\"https:\\\/\\\/www.bever.de\\\/fachwissen\\\/fastener-fair-2019\\\/\"},\"wordCount\":47,\"commentCount\":0,\"publisher\":{\"@id\":\"https:\\\/\\\/www.bever.de\\\/#organization\"},\"image\":{\"@id\":\"https:\\\/\\\/www.bever.de\\\/fachwissen\\\/fastener-fair-2019\\\/#primaryimage\"},\"thumbnailUrl\":\"https:\\\/\\\/www.bever.de\\\/wp-content\\\/uploads\\\/2023\\\/03\\\/fastener-fair-2017-stand.jpeg\",\"articleSection\":[\"Aktuelles\",\"Fachwissen\"],\"inLanguage\":\"en-GB\",\"potentialAction\":[{\"@type\":\"CommentAction\",\"name\":\"Comment\",\"target\":[\"https:\\\/\\\/www.bever.de\\\/fachwissen\\\/fastener-fair-2019\\\/#respond\"]}]},{\"@type\":\"WebPage\",\"@id\":\"https:\\\/\\\/www.bever.de\\\/fachwissen\\\/fastener-fair-2019\\\/\",\"url\":\"https:\\\/\\\/www.bever.de\\\/fachwissen\\\/fastener-fair-2019\\\/\",\"name\":\"Fastener Fair 2019 | Bever Befestigungstechnik\",\"isPartOf\":{\"@id\":\"https:\\\/\\\/www.bever.de\\\/#website\"},\"primaryImageOfPage\":{\"@id\":\"https:\\\/\\\/www.bever.de\\\/fachwissen\\\/fastener-fair-2019\\\/#primaryimage\"},\"image\":{\"@id\":\"https:\\\/\\\/www.bever.de\\\/fachwissen\\\/fastener-fair-2019\\\/#primaryimage\"},\"thumbnailUrl\":\"https:\\\/\\\/www.bever.de\\\/wp-content\\\/uploads\\\/2023\\\/03\\\/fastener-fair-2017-stand.jpeg\",\"datePublished\":\"2019-03-02T11:05:01+00:00\",\"dateModified\":\"2023-03-01T11:10:10+00:00\",\"breadcrumb\":{\"@id\":\"https:\\\/\\\/www.bever.de\\\/fachwissen\\\/fastener-fair-2019\\\/#breadcrumb\"},\"inLanguage\":\"en-GB\",\"potentialAction\":[{\"@type\":\"ReadAction\",\"target\":[\"https:\\\/\\\/www.bever.de\\\/fachwissen\\\/fastener-fair-2019\\\/\"]}]},{\"@type\":\"ImageObject\",\"inLanguage\":\"en-GB\",\"@id\":\"https:\\\/\\\/www.bever.de\\\/fachwissen\\\/fastener-fair-2019\\\/#primaryimage\",\"url\":\"https:\\\/\\\/www.bever.de\\\/wp-content\\\/uploads\\\/2023\\\/03\\\/fastener-fair-2017-stand.jpeg\",\"contentUrl\":\"https:\\\/\\\/www.bever.de\\\/wp-content\\\/uploads\\\/2023\\\/03\\\/fastener-fair-2017-stand.jpeg\",\"width\":705,\"height\":415},{\"@type\":\"BreadcrumbList\",\"@id\":\"https:\\\/\\\/www.bever.de\\\/fachwissen\\\/fastener-fair-2019\\\/#breadcrumb\",\"itemListElement\":[{\"@type\":\"ListItem\",\"position\":1,\"name\":\"Startseite\",\"item\":\"https:\\\/\\\/www.bever.de\\\/\"},{\"@type\":\"ListItem\",\"position\":2,\"name\":\"Fastener Fair 2019\"}]},{\"@type\":\"WebSite\",\"@id\":\"https:\\\/\\\/www.bever.de\\\/#website\",\"url\":\"https:\\\/\\\/www.bever.de\\\/\",\"name\":\"BEVER Befestigungstechnik\",\"description\":\"Verbindet \u00fcber Generationen\",\"publisher\":{\"@id\":\"https:\\\/\\\/www.bever.de\\\/#organization\"},\"potentialAction\":[{\"@type\":\"SearchAction\",\"target\":{\"@type\":\"EntryPoint\",\"urlTemplate\":\"https:\\\/\\\/www.bever.de\\\/?s={search_term_string}\"},\"query-input\":{\"@type\":\"PropertyValueSpecification\",\"valueRequired\":true,\"valueName\":\"search_term_string\"}}],\"inLanguage\":\"en-GB\"},{\"@type\":\"Organization\",\"@id\":\"https:\\\/\\\/www.bever.de\\\/#organization\",\"name\":\"BEVER Befestigungstechnik\",\"url\":\"https:\\\/\\\/www.bever.de\\\/\",\"logo\":{\"@type\":\"ImageObject\",\"inLanguage\":\"en-GB\",\"@id\":\"https:\\\/\\\/www.bever.de\\\/#\\\/schema\\\/logo\\\/image\\\/\",\"url\":\"https:\\\/\\\/www.bever.de\\\/wp-content\\\/uploads\\\/2022\\\/12\\\/bever-logo.svg\",\"contentUrl\":\"https:\\\/\\\/www.bever.de\\\/wp-content\\\/uploads\\\/2022\\\/12\\\/bever-logo.svg\",\"caption\":\"BEVER Befestigungstechnik\"},\"image\":{\"@id\":\"https:\\\/\\\/www.bever.de\\\/#\\\/schema\\\/logo\\\/image\\\/\"}},{\"@type\":\"Person\",\"@id\":\"https:\\\/\\\/www.bever.de\\\/#\\\/schema\\\/person\\\/ca627e4038de5aa5cda44a07ddb06db4\",\"name\":\"Johanna Kroczek\",\"image\":{\"@type\":\"ImageObject\",\"inLanguage\":\"en-GB\",\"@id\":\"https:\\\/\\\/secure.gravatar.com\\\/avatar\\\/cec1af8be2185ff49c9ebf8c79a6ed3ee10de4cabe2c0932598aa5495349c763?s=96&d=mm&r=g\",\"url\":\"https:\\\/\\\/secure.gravatar.com\\\/avatar\\\/cec1af8be2185ff49c9ebf8c79a6ed3ee10de4cabe2c0932598aa5495349c763?s=96&d=mm&r=g\",\"contentUrl\":\"https:\\\/\\\/secure.gravatar.com\\\/avatar\\\/cec1af8be2185ff49c9ebf8c79a6ed3ee10de4cabe2c0932598aa5495349c763?s=96&d=mm&r=g\",\"caption\":\"Johanna Kroczek\"},\"url\":\"https:\\\/\\\/www.bever.de\\\/en\\\/author\\\/jkroczek\\\/\"}]}<\/script>\n<!-- \/ Yoast SEO plugin. -->","yoast_head_json":{"title":"Fastener Fair 2019 | Bever Fastening Technology","robots":{"index":"index","follow":"follow","max-snippet":"max-snippet:-1","max-image-preview":"max-image-preview:large","max-video-preview":"max-video-preview:-1"},"canonical":"https:\/\/www.bever.de\/en\/aktuelles\/fastener-fair-2019\/","og_locale":"en_GB","og_type":"article","og_title":"Fastener Fair 2019 | Bever Befestigungstechnik","og_description":"Die 8. Internationale Fachmesse der Verbindungs- und Befestigungstechnik ist erfolgreich beendet. 987 Aussteller aus 45 L\u00e4ndern pr\u00e4sentierten sich in Stuttgart dem interessierten Publikum. Wir bedanken uns bei allen Besuchern unseres Messestandes f\u00fcr die vielen interessanten Gespr\u00e4che. Weitere Informationen zur Messe finden Sie hier &gt;","og_url":"https:\/\/www.bever.de\/en\/aktuelles\/fastener-fair-2019\/","og_site_name":"Bever Befestigungstechnik","article_published_time":"2019-03-02T11:05:01+00:00","article_modified_time":"2023-03-01T11:10:10+00:00","og_image":[{"width":705,"height":415,"url":"https:\/\/www.bever.de\/wp-content\/uploads\/2023\/03\/fastener-fair-2017-stand.jpeg","type":"image\/jpeg"}],"author":"Johanna Kroczek","twitter_card":"summary_large_image","twitter_misc":{"Written by":"Johanna Kroczek","Estimated reading time":"1 minute"},"schema":{"@context":"https:\/\/schema.org","@graph":[{"@type":"Article","@id":"https:\/\/www.bever.de\/fachwissen\/fastener-fair-2019\/#article","isPartOf":{"@id":"https:\/\/www.bever.de\/fachwissen\/fastener-fair-2019\/"},"author":{"name":"Johanna Kroczek","@id":"https:\/\/www.bever.de\/#\/schema\/person\/ca627e4038de5aa5cda44a07ddb06db4"},"headline":"Fastener Fair 2019","datePublished":"2019-03-02T11:05:01+00:00","dateModified":"2023-03-01T11:10:10+00:00","mainEntityOfPage":{"@id":"https:\/\/www.bever.de\/fachwissen\/fastener-fair-2019\/"},"wordCount":47,"commentCount":0,"publisher":{"@id":"https:\/\/www.bever.de\/#organization"},"image":{"@id":"https:\/\/www.bever.de\/fachwissen\/fastener-fair-2019\/#primaryimage"},"thumbnailUrl":"https:\/\/www.bever.de\/wp-content\/uploads\/2023\/03\/fastener-fair-2017-stand.jpeg","articleSection":["Aktuelles","Fachwissen"],"inLanguage":"en-GB","potentialAction":[{"@type":"CommentAction","name":"Comment","target":["https:\/\/www.bever.de\/fachwissen\/fastener-fair-2019\/#respond"]}]},{"@type":"WebPage","@id":"https:\/\/www.bever.de\/fachwissen\/fastener-fair-2019\/","url":"https:\/\/www.bever.de\/fachwissen\/fastener-fair-2019\/","name":"Fastener Fair 2019 | Bever Fastening Technology","isPartOf":{"@id":"https:\/\/www.bever.de\/#website"},"primaryImageOfPage":{"@id":"https:\/\/www.bever.de\/fachwissen\/fastener-fair-2019\/#primaryimage"},"image":{"@id":"https:\/\/www.bever.de\/fachwissen\/fastener-fair-2019\/#primaryimage"},"thumbnailUrl":"https:\/\/www.bever.de\/wp-content\/uploads\/2023\/03\/fastener-fair-2017-stand.jpeg","datePublished":"2019-03-02T11:05:01+00:00","dateModified":"2023-03-01T11:10:10+00:00","breadcrumb":{"@id":"https:\/\/www.bever.de\/fachwissen\/fastener-fair-2019\/#breadcrumb"},"inLanguage":"en-GB","potentialAction":[{"@type":"ReadAction","target":["https:\/\/www.bever.de\/fachwissen\/fastener-fair-2019\/"]}]},{"@type":"ImageObject","inLanguage":"en-GB","@id":"https:\/\/www.bever.de\/fachwissen\/fastener-fair-2019\/#primaryimage","url":"https:\/\/www.bever.de\/wp-content\/uploads\/2023\/03\/fastener-fair-2017-stand.jpeg","contentUrl":"https:\/\/www.bever.de\/wp-content\/uploads\/2023\/03\/fastener-fair-2017-stand.jpeg","width":705,"height":415},{"@type":"BreadcrumbList","@id":"https:\/\/www.bever.de\/fachwissen\/fastener-fair-2019\/#breadcrumb","itemListElement":[{"@type":"ListItem","position":1,"name":"Startseite","item":"https:\/\/www.bever.de\/"},{"@type":"ListItem","position":2,"name":"Fastener Fair 2019"}]},{"@type":"WebSite","@id":"https:\/\/www.bever.de\/#website","url":"https:\/\/www.bever.de\/","name":"BEVER fastening technology","description":"Connects across generations","publisher":{"@id":"https:\/\/www.bever.de\/#organization"},"potentialAction":[{"@type":"SearchAction","target":{"@type":"EntryPoint","urlTemplate":"https:\/\/www.bever.de\/?s={search_term_string}"},"query-input":{"@type":"PropertyValueSpecification","valueRequired":true,"valueName":"search_term_string"}}],"inLanguage":"en-GB"},{"@type":"Organization","@id":"https:\/\/www.bever.de\/#organization","name":"BEVER fastening technology","url":"https:\/\/www.bever.de\/","logo":{"@type":"ImageObject","inLanguage":"en-GB","@id":"https:\/\/www.bever.de\/#\/schema\/logo\/image\/","url":"https:\/\/www.bever.de\/wp-content\/uploads\/2022\/12\/bever-logo.svg","contentUrl":"https:\/\/www.bever.de\/wp-content\/uploads\/2022\/12\/bever-logo.svg","caption":"BEVER Befestigungstechnik"},"image":{"@id":"https:\/\/www.bever.de\/#\/schema\/logo\/image\/"}},{"@type":"Person","@id":"https:\/\/www.bever.de\/#\/schema\/person\/ca627e4038de5aa5cda44a07ddb06db4","name":"Johanna Kroczek","image":{"@type":"ImageObject","inLanguage":"en-GB","@id":"https:\/\/secure.gravatar.com\/avatar\/cec1af8be2185ff49c9ebf8c79a6ed3ee10de4cabe2c0932598aa5495349c763?s=96&d=mm&r=g","url":"https:\/\/secure.gravatar.com\/avatar\/cec1af8be2185ff49c9ebf8c79a6ed3ee10de4cabe2c0932598aa5495349c763?s=96&d=mm&r=g","contentUrl":"https:\/\/secure.gravatar.com\/avatar\/cec1af8be2185ff49c9ebf8c79a6ed3ee10de4cabe2c0932598aa5495349c763?s=96&d=mm&r=g","caption":"Johanna Kroczek"},"url":"https:\/\/www.bever.de\/en\/author\/jkroczek\/"}]}},"_links":{"self":[{"href":"https:\/\/www.bever.de\/en\/wp-json\/wp\/v2\/posts\/3683","targetHints":{"allow":["GET"]}}],"collection":[{"href":"https:\/\/www.bever.de\/en\/wp-json\/wp\/v2\/posts"}],"about":[{"href":"https:\/\/www.bever.de\/en\/wp-json\/wp\/v2\/types\/post"}],"author":[{"embeddable":true,"href":"https:\/\/www.bever.de\/en\/wp-json\/wp\/v2\/users\/2"}],"replies":[{"embeddable":true,"href":"https:\/\/www.bever.de\/en\/wp-json\/wp\/v2\/comments?post=3683"}],"version-history":[{"count":1,"href":"https:\/\/www.bever.de\/en\/wp-json\/wp\/v2\/posts\/3683\/revisions"}],"predecessor-version":[{"id":3685,"href":"https:\/\/www.bever.de\/en\/wp-json\/wp\/v2\/posts\/3683\/revisions\/3685"}],"wp:featuredmedia":[{"embeddable":true,"href":"https:\/\/www.bever.de\/en\/wp-json\/wp\/v2\/media\/3684"}],"wp:attachment":[{"href":"https:\/\/www.bever.de\/en\/wp-json\/wp\/v2\/media?parent=3683"}],"wp:term":[{"taxonomy":"category","embeddable":true,"href":"https:\/\/www.bever.de\/en\/wp-json\/wp\/v2\/categories?post=3683"},{"taxonomy":"post_tag","embeddable":true,"href":"https:\/\/www.bever.de\/en\/wp-json\/wp\/v2\/tags?post=3683"}],"curies":[{"name":"wp","href":"https:\/\/api.w.org\/{rel}","templated":true}]}}