{"id":3689,"date":"2018-03-02T12:07:43","date_gmt":"2018-03-02T11:07:43","guid":{"rendered":"https:\/\/www.bever.de\/?p=3689"},"modified":"2023-03-01T12:09:40","modified_gmt":"2023-03-01T11:09:40","slug":"inklusionsmesse","status":"publish","type":"post","link":"https:\/\/www.bever.de\/en\/current\/inclusion-fair\/","title":{"rendered":"INCLUSION FAIR"},"content":{"rendered":"<p>The eXtern department of the Werthmann workshops enables people with disabilities to have a workplace integrated into the company.<br>Now, on the occasion of the 10th anniversary, the first Inclusion Fair took place. As an industry partner, we can provide an external workstation, so we were happy to participate in the fair.<\/p>\n\n\n\n<p><strong>You can find more information here<\/strong><a href=\"https:\/\/www.werthmann-werkstaetten.de\/%C3%BCber-uns\/aktuelles\/\" target=\"_blank\" rel=\"noreferrer noopener\"><br>www.werthmann-werkstaetten.de\/\u00fcber-uns\/aktuelles\/<\/a><\/p>","protected":false},"excerpt":{"rendered":"<p>The eXtern department of Werthmann-Werkst\u00e4tten provides people with disabilities with an integrated workplace. The first inclusion fair was held on the occasion of the 10th anniversary. As an industrial partner, we can provide an external workplace, so we were happy to participate in the fair. You can find more information herewww.werthmann-werkstaetten.de\/\u00fcber-uns\/aktuelles\/<\/p>","protected":false},"author":2,"featured_media":3690,"comment_status":"open","ping_status":"open","sticky":false,"template":"","format":"standard","meta":{"site-sidebar-layout":"default","site-content-layout":"","ast-site-content-layout":"","site-content-style":"default","site-sidebar-style":"default","ast-global-header-display":"","ast-banner-title-visibility":"","ast-main-header-display":"","ast-hfb-above-header-display":"","ast-hfb-below-header-display":"","ast-hfb-mobile-header-display":"","site-post-title":"","ast-breadcrumbs-content":"","ast-featured-img":"","footer-sml-layout":"","theme-transparent-header-meta":"","adv-header-id-meta":"","stick-header-meta":"","header-above-stick-meta":"","header-main-stick-meta":"","header-below-stick-meta":"","astra-migrate-meta-layouts":"default","ast-page-background-enabled":"default","ast-page-background-meta":{"desktop":{"background-color":"var(--ast-global-color-4)","background-image":"","background-repeat":"repeat","background-position":"center center","background-size":"auto","background-attachment":"scroll","background-type":"","background-media":"","overlay-type":"","overlay-color":"","overlay-opacity":"","overlay-gradient":""},"tablet":{"background-color":"","background-image":"","background-repeat":"repeat","background-position":"center center","background-size":"auto","background-attachment":"scroll","background-type":"","background-media":"","overlay-type":"","overlay-color":"","overlay-opacity":"","overlay-gradient":""},"mobile":{"background-color":"","background-image":"","background-repeat":"repeat","background-position":"center center","background-size":"auto","background-attachment":"scroll","background-type":"","background-media":"","overlay-type":"","overlay-color":"","overlay-opacity":"","overlay-gradient":""}},"ast-content-background-meta":{"desktop":{"background-color":"var(--ast-global-color-5)","background-image":"","background-repeat":"repeat","background-position":"center center","background-size":"auto","background-attachment":"scroll","background-type":"","background-media":"","overlay-type":"","overlay-color":"","overlay-opacity":"","overlay-gradient":""},"tablet":{"background-color":"var(--ast-global-color-5)","background-image":"","background-repeat":"repeat","background-position":"center center","background-size":"auto","background-attachment":"scroll","background-type":"","background-media":"","overlay-type":"","overlay-color":"","overlay-opacity":"","overlay-gradient":""},"mobile":{"background-color":"var(--ast-global-color-5)","background-image":"","background-repeat":"repeat","background-position":"center center","background-size":"auto","background-attachment":"scroll","background-type":"","background-media":"","overlay-type":"","overlay-color":"","overlay-opacity":"","overlay-gradient":""}},"footnotes":""},"categories":[14],"tags":[],"class_list":["post-3689","post","type-post","status-publish","format-standard","has-post-thumbnail","hentry","category-aktuelles"],"yoast_head":"<!-- This site is optimized with the Yoast SEO plugin v27.4 - https:\/\/yoast.com\/product\/yoast-seo-wordpress\/ -->\n<title>INKLUSIONSMESSE | Bever Befestigungstechnik<\/title>\n<meta name=\"robots\" content=\"index, follow, max-snippet:-1, max-image-preview:large, max-video-preview:-1\" \/>\n<link rel=\"canonical\" href=\"https:\/\/www.bever.de\/en\/current\/inclusion-fair\/\" \/>\n<meta property=\"og:locale\" content=\"en_GB\" \/>\n<meta property=\"og:type\" content=\"article\" \/>\n<meta property=\"og:title\" content=\"INKLUSIONSMESSE | Bever Befestigungstechnik\" \/>\n<meta property=\"og:description\" content=\"Die Abteilung eXtern der Werthmann-Werkst\u00e4tten erm\u00f6glicht Menschen mit Behinderung einen betriebsintegrierten Arbeitsplatz.Jetzt fand zum 10-j\u00e4hrigen Jubil\u00e4um die erste Inklusionsmesse statt. Da wir als Industriepartner einen externen Arbeitsplatz zur Verf\u00fcgung stellen k\u00f6nnen, haben wir uns an der Messe gerne beteiligt. Weitere Informationen finden Sie hierwww.werthmann-werkstaetten.de\/\u00fcber-uns\/aktuelles\/\" \/>\n<meta property=\"og:url\" content=\"https:\/\/www.bever.de\/en\/current\/inclusion-fair\/\" \/>\n<meta property=\"og:site_name\" content=\"Bever Befestigungstechnik\" \/>\n<meta property=\"article:published_time\" content=\"2018-03-02T11:07:43+00:00\" \/>\n<meta property=\"article:modified_time\" content=\"2023-03-01T11:09:40+00:00\" \/>\n<meta property=\"og:image\" content=\"https:\/\/www.bever.de\/wp-content\/uploads\/2023\/03\/news_inklusionsmesse-2018.jpeg\" \/>\n\t<meta property=\"og:image:width\" content=\"1216\" \/>\n\t<meta property=\"og:image:height\" content=\"730\" \/>\n\t<meta property=\"og:image:type\" content=\"image\/jpeg\" \/>\n<meta name=\"author\" content=\"Johanna Kroczek\" \/>\n<meta name=\"twitter:card\" content=\"summary_large_image\" \/>\n<meta name=\"twitter:label1\" content=\"Written by\" \/>\n\t<meta name=\"twitter:data1\" content=\"Johanna Kroczek\" \/>\n\t<meta name=\"twitter:label2\" content=\"Estimated reading time\" \/>\n\t<meta name=\"twitter:data2\" content=\"1 minute\" \/>\n<script type=\"application\/ld+json\" class=\"yoast-schema-graph\">{\"@context\":\"https:\\\/\\\/schema.org\",\"@graph\":[{\"@type\":\"Article\",\"@id\":\"https:\\\/\\\/www.bever.de\\\/aktuelles\\\/inklusionsmesse\\\/#article\",\"isPartOf\":{\"@id\":\"https:\\\/\\\/www.bever.de\\\/aktuelles\\\/inklusionsmesse\\\/\"},\"author\":{\"name\":\"Johanna Kroczek\",\"@id\":\"https:\\\/\\\/www.bever.de\\\/#\\\/schema\\\/person\\\/ca627e4038de5aa5cda44a07ddb06db4\"},\"headline\":\"INKLUSIONSMESSE\",\"datePublished\":\"2018-03-02T11:07:43+00:00\",\"dateModified\":\"2023-03-01T11:09:40+00:00\",\"mainEntityOfPage\":{\"@id\":\"https:\\\/\\\/www.bever.de\\\/aktuelles\\\/inklusionsmesse\\\/\"},\"wordCount\":57,\"commentCount\":0,\"publisher\":{\"@id\":\"https:\\\/\\\/www.bever.de\\\/#organization\"},\"image\":{\"@id\":\"https:\\\/\\\/www.bever.de\\\/aktuelles\\\/inklusionsmesse\\\/#primaryimage\"},\"thumbnailUrl\":\"https:\\\/\\\/www.bever.de\\\/wp-content\\\/uploads\\\/2023\\\/03\\\/news_inklusionsmesse-2018.jpeg\",\"articleSection\":[\"Aktuelles\"],\"inLanguage\":\"en-GB\",\"potentialAction\":[{\"@type\":\"CommentAction\",\"name\":\"Comment\",\"target\":[\"https:\\\/\\\/www.bever.de\\\/aktuelles\\\/inklusionsmesse\\\/#respond\"]}]},{\"@type\":\"WebPage\",\"@id\":\"https:\\\/\\\/www.bever.de\\\/aktuelles\\\/inklusionsmesse\\\/\",\"url\":\"https:\\\/\\\/www.bever.de\\\/aktuelles\\\/inklusionsmesse\\\/\",\"name\":\"INKLUSIONSMESSE | Bever Befestigungstechnik\",\"isPartOf\":{\"@id\":\"https:\\\/\\\/www.bever.de\\\/#website\"},\"primaryImageOfPage\":{\"@id\":\"https:\\\/\\\/www.bever.de\\\/aktuelles\\\/inklusionsmesse\\\/#primaryimage\"},\"image\":{\"@id\":\"https:\\\/\\\/www.bever.de\\\/aktuelles\\\/inklusionsmesse\\\/#primaryimage\"},\"thumbnailUrl\":\"https:\\\/\\\/www.bever.de\\\/wp-content\\\/uploads\\\/2023\\\/03\\\/news_inklusionsmesse-2018.jpeg\",\"datePublished\":\"2018-03-02T11:07:43+00:00\",\"dateModified\":\"2023-03-01T11:09:40+00:00\",\"breadcrumb\":{\"@id\":\"https:\\\/\\\/www.bever.de\\\/aktuelles\\\/inklusionsmesse\\\/#breadcrumb\"},\"inLanguage\":\"en-GB\",\"potentialAction\":[{\"@type\":\"ReadAction\",\"target\":[\"https:\\\/\\\/www.bever.de\\\/aktuelles\\\/inklusionsmesse\\\/\"]}]},{\"@type\":\"ImageObject\",\"inLanguage\":\"en-GB\",\"@id\":\"https:\\\/\\\/www.bever.de\\\/aktuelles\\\/inklusionsmesse\\\/#primaryimage\",\"url\":\"https:\\\/\\\/www.bever.de\\\/wp-content\\\/uploads\\\/2023\\\/03\\\/news_inklusionsmesse-2018.jpeg\",\"contentUrl\":\"https:\\\/\\\/www.bever.de\\\/wp-content\\\/uploads\\\/2023\\\/03\\\/news_inklusionsmesse-2018.jpeg\",\"width\":1216,\"height\":730},{\"@type\":\"BreadcrumbList\",\"@id\":\"https:\\\/\\\/www.bever.de\\\/aktuelles\\\/inklusionsmesse\\\/#breadcrumb\",\"itemListElement\":[{\"@type\":\"ListItem\",\"position\":1,\"name\":\"Startseite\",\"item\":\"https:\\\/\\\/www.bever.de\\\/\"},{\"@type\":\"ListItem\",\"position\":2,\"name\":\"INKLUSIONSMESSE\"}]},{\"@type\":\"WebSite\",\"@id\":\"https:\\\/\\\/www.bever.de\\\/#website\",\"url\":\"https:\\\/\\\/www.bever.de\\\/\",\"name\":\"BEVER Befestigungstechnik\",\"description\":\"Verbindet \u00fcber Generationen\",\"publisher\":{\"@id\":\"https:\\\/\\\/www.bever.de\\\/#organization\"},\"potentialAction\":[{\"@type\":\"SearchAction\",\"target\":{\"@type\":\"EntryPoint\",\"urlTemplate\":\"https:\\\/\\\/www.bever.de\\\/?s={search_term_string}\"},\"query-input\":{\"@type\":\"PropertyValueSpecification\",\"valueRequired\":true,\"valueName\":\"search_term_string\"}}],\"inLanguage\":\"en-GB\"},{\"@type\":\"Organization\",\"@id\":\"https:\\\/\\\/www.bever.de\\\/#organization\",\"name\":\"BEVER Befestigungstechnik\",\"url\":\"https:\\\/\\\/www.bever.de\\\/\",\"logo\":{\"@type\":\"ImageObject\",\"inLanguage\":\"en-GB\",\"@id\":\"https:\\\/\\\/www.bever.de\\\/#\\\/schema\\\/logo\\\/image\\\/\",\"url\":\"https:\\\/\\\/www.bever.de\\\/wp-content\\\/uploads\\\/2022\\\/12\\\/bever-logo.svg\",\"contentUrl\":\"https:\\\/\\\/www.bever.de\\\/wp-content\\\/uploads\\\/2022\\\/12\\\/bever-logo.svg\",\"caption\":\"BEVER Befestigungstechnik\"},\"image\":{\"@id\":\"https:\\\/\\\/www.bever.de\\\/#\\\/schema\\\/logo\\\/image\\\/\"}},{\"@type\":\"Person\",\"@id\":\"https:\\\/\\\/www.bever.de\\\/#\\\/schema\\\/person\\\/ca627e4038de5aa5cda44a07ddb06db4\",\"name\":\"Johanna Kroczek\",\"image\":{\"@type\":\"ImageObject\",\"inLanguage\":\"en-GB\",\"@id\":\"https:\\\/\\\/secure.gravatar.com\\\/avatar\\\/cec1af8be2185ff49c9ebf8c79a6ed3ee10de4cabe2c0932598aa5495349c763?s=96&d=mm&r=g\",\"url\":\"https:\\\/\\\/secure.gravatar.com\\\/avatar\\\/cec1af8be2185ff49c9ebf8c79a6ed3ee10de4cabe2c0932598aa5495349c763?s=96&d=mm&r=g\",\"contentUrl\":\"https:\\\/\\\/secure.gravatar.com\\\/avatar\\\/cec1af8be2185ff49c9ebf8c79a6ed3ee10de4cabe2c0932598aa5495349c763?s=96&d=mm&r=g\",\"caption\":\"Johanna Kroczek\"},\"url\":\"https:\\\/\\\/www.bever.de\\\/en\\\/author\\\/jkroczek\\\/\"}]}<\/script>\n<!-- \/ Yoast SEO plugin. -->","yoast_head_json":{"title":"INCLUSION FAIR | Bever Fastening Technology","robots":{"index":"index","follow":"follow","max-snippet":"max-snippet:-1","max-image-preview":"max-image-preview:large","max-video-preview":"max-video-preview:-1"},"canonical":"https:\/\/www.bever.de\/en\/current\/inclusion-fair\/","og_locale":"en_GB","og_type":"article","og_title":"INKLUSIONSMESSE | Bever Befestigungstechnik","og_description":"Die Abteilung eXtern der Werthmann-Werkst\u00e4tten erm\u00f6glicht Menschen mit Behinderung einen betriebsintegrierten Arbeitsplatz.Jetzt fand zum 10-j\u00e4hrigen Jubil\u00e4um die erste Inklusionsmesse statt. Da wir als Industriepartner einen externen Arbeitsplatz zur Verf\u00fcgung stellen k\u00f6nnen, haben wir uns an der Messe gerne beteiligt. Weitere Informationen finden Sie hierwww.werthmann-werkstaetten.de\/\u00fcber-uns\/aktuelles\/","og_url":"https:\/\/www.bever.de\/en\/current\/inclusion-fair\/","og_site_name":"Bever Befestigungstechnik","article_published_time":"2018-03-02T11:07:43+00:00","article_modified_time":"2023-03-01T11:09:40+00:00","og_image":[{"width":1216,"height":730,"url":"https:\/\/www.bever.de\/wp-content\/uploads\/2023\/03\/news_inklusionsmesse-2018.jpeg","type":"image\/jpeg"}],"author":"Johanna Kroczek","twitter_card":"summary_large_image","twitter_misc":{"Written by":"Johanna Kroczek","Estimated reading time":"1 minute"},"schema":{"@context":"https:\/\/schema.org","@graph":[{"@type":"Article","@id":"https:\/\/www.bever.de\/aktuelles\/inklusionsmesse\/#article","isPartOf":{"@id":"https:\/\/www.bever.de\/aktuelles\/inklusionsmesse\/"},"author":{"name":"Johanna Kroczek","@id":"https:\/\/www.bever.de\/#\/schema\/person\/ca627e4038de5aa5cda44a07ddb06db4"},"headline":"INKLUSIONSMESSE","datePublished":"2018-03-02T11:07:43+00:00","dateModified":"2023-03-01T11:09:40+00:00","mainEntityOfPage":{"@id":"https:\/\/www.bever.de\/aktuelles\/inklusionsmesse\/"},"wordCount":57,"commentCount":0,"publisher":{"@id":"https:\/\/www.bever.de\/#organization"},"image":{"@id":"https:\/\/www.bever.de\/aktuelles\/inklusionsmesse\/#primaryimage"},"thumbnailUrl":"https:\/\/www.bever.de\/wp-content\/uploads\/2023\/03\/news_inklusionsmesse-2018.jpeg","articleSection":["Aktuelles"],"inLanguage":"en-GB","potentialAction":[{"@type":"CommentAction","name":"Comment","target":["https:\/\/www.bever.de\/aktuelles\/inklusionsmesse\/#respond"]}]},{"@type":"WebPage","@id":"https:\/\/www.bever.de\/aktuelles\/inklusionsmesse\/","url":"https:\/\/www.bever.de\/aktuelles\/inklusionsmesse\/","name":"INCLUSION FAIR | Bever Fastening Technology","isPartOf":{"@id":"https:\/\/www.bever.de\/#website"},"primaryImageOfPage":{"@id":"https:\/\/www.bever.de\/aktuelles\/inklusionsmesse\/#primaryimage"},"image":{"@id":"https:\/\/www.bever.de\/aktuelles\/inklusionsmesse\/#primaryimage"},"thumbnailUrl":"https:\/\/www.bever.de\/wp-content\/uploads\/2023\/03\/news_inklusionsmesse-2018.jpeg","datePublished":"2018-03-02T11:07:43+00:00","dateModified":"2023-03-01T11:09:40+00:00","breadcrumb":{"@id":"https:\/\/www.bever.de\/aktuelles\/inklusionsmesse\/#breadcrumb"},"inLanguage":"en-GB","potentialAction":[{"@type":"ReadAction","target":["https:\/\/www.bever.de\/aktuelles\/inklusionsmesse\/"]}]},{"@type":"ImageObject","inLanguage":"en-GB","@id":"https:\/\/www.bever.de\/aktuelles\/inklusionsmesse\/#primaryimage","url":"https:\/\/www.bever.de\/wp-content\/uploads\/2023\/03\/news_inklusionsmesse-2018.jpeg","contentUrl":"https:\/\/www.bever.de\/wp-content\/uploads\/2023\/03\/news_inklusionsmesse-2018.jpeg","width":1216,"height":730},{"@type":"BreadcrumbList","@id":"https:\/\/www.bever.de\/aktuelles\/inklusionsmesse\/#breadcrumb","itemListElement":[{"@type":"ListItem","position":1,"name":"Startseite","item":"https:\/\/www.bever.de\/"},{"@type":"ListItem","position":2,"name":"INKLUSIONSMESSE"}]},{"@type":"WebSite","@id":"https:\/\/www.bever.de\/#website","url":"https:\/\/www.bever.de\/","name":"BEVER fastening technology","description":"Connects across generations","publisher":{"@id":"https:\/\/www.bever.de\/#organization"},"potentialAction":[{"@type":"SearchAction","target":{"@type":"EntryPoint","urlTemplate":"https:\/\/www.bever.de\/?s={search_term_string}"},"query-input":{"@type":"PropertyValueSpecification","valueRequired":true,"valueName":"search_term_string"}}],"inLanguage":"en-GB"},{"@type":"Organization","@id":"https:\/\/www.bever.de\/#organization","name":"BEVER fastening technology","url":"https:\/\/www.bever.de\/","logo":{"@type":"ImageObject","inLanguage":"en-GB","@id":"https:\/\/www.bever.de\/#\/schema\/logo\/image\/","url":"https:\/\/www.bever.de\/wp-content\/uploads\/2022\/12\/bever-logo.svg","contentUrl":"https:\/\/www.bever.de\/wp-content\/uploads\/2022\/12\/bever-logo.svg","caption":"BEVER Befestigungstechnik"},"image":{"@id":"https:\/\/www.bever.de\/#\/schema\/logo\/image\/"}},{"@type":"Person","@id":"https:\/\/www.bever.de\/#\/schema\/person\/ca627e4038de5aa5cda44a07ddb06db4","name":"Johanna Kroczek","image":{"@type":"ImageObject","inLanguage":"en-GB","@id":"https:\/\/secure.gravatar.com\/avatar\/cec1af8be2185ff49c9ebf8c79a6ed3ee10de4cabe2c0932598aa5495349c763?s=96&d=mm&r=g","url":"https:\/\/secure.gravatar.com\/avatar\/cec1af8be2185ff49c9ebf8c79a6ed3ee10de4cabe2c0932598aa5495349c763?s=96&d=mm&r=g","contentUrl":"https:\/\/secure.gravatar.com\/avatar\/cec1af8be2185ff49c9ebf8c79a6ed3ee10de4cabe2c0932598aa5495349c763?s=96&d=mm&r=g","caption":"Johanna Kroczek"},"url":"https:\/\/www.bever.de\/en\/author\/jkroczek\/"}]}},"_links":{"self":[{"href":"https:\/\/www.bever.de\/en\/wp-json\/wp\/v2\/posts\/3689","targetHints":{"allow":["GET"]}}],"collection":[{"href":"https:\/\/www.bever.de\/en\/wp-json\/wp\/v2\/posts"}],"about":[{"href":"https:\/\/www.bever.de\/en\/wp-json\/wp\/v2\/types\/post"}],"author":[{"embeddable":true,"href":"https:\/\/www.bever.de\/en\/wp-json\/wp\/v2\/users\/2"}],"replies":[{"embeddable":true,"href":"https:\/\/www.bever.de\/en\/wp-json\/wp\/v2\/comments?post=3689"}],"version-history":[{"count":1,"href":"https:\/\/www.bever.de\/en\/wp-json\/wp\/v2\/posts\/3689\/revisions"}],"predecessor-version":[{"id":3691,"href":"https:\/\/www.bever.de\/en\/wp-json\/wp\/v2\/posts\/3689\/revisions\/3691"}],"wp:featuredmedia":[{"embeddable":true,"href":"https:\/\/www.bever.de\/en\/wp-json\/wp\/v2\/media\/3690"}],"wp:attachment":[{"href":"https:\/\/www.bever.de\/en\/wp-json\/wp\/v2\/media?parent=3689"}],"wp:term":[{"taxonomy":"category","embeddable":true,"href":"https:\/\/www.bever.de\/en\/wp-json\/wp\/v2\/categories?post=3689"},{"taxonomy":"post_tag","embeddable":true,"href":"https:\/\/www.bever.de\/en\/wp-json\/wp\/v2\/tags?post=3689"}],"curies":[{"name":"wp","href":"https:\/\/api.w.org\/{rel}","templated":true}]}}