{"id":5086,"date":"2025-01-20T08:04:49","date_gmt":"2025-01-20T07:04:49","guid":{"rendered":"https:\/\/www.bever.de\/?p=5086"},"modified":"2025-12-04T08:13:40","modified_gmt":"2025-12-04T07:13:40","slug":"messe-bau-2025","status":"publish","type":"post","link":"https:\/\/www.bever.de\/en\/aktuelles\/messe-bau-2025\/","title":{"rendered":"Messe Bau 2025"},"content":{"rendered":"<div data-elementor-type=\"wp-post\" data-elementor-id=\"5086\" class=\"elementor elementor-5086\" data-elementor-post-type=\"post\">\n\t\t\t\t<div class=\"elementor-element elementor-element-36e35a3e e-flex e-con-boxed e-con e-parent\" data-id=\"36e35a3e\" data-element_type=\"container\">\n\t\t\t\t\t<div class=\"e-con-inner\">\n\t\t\t\t<div class=\"elementor-element elementor-element-440576d6 elementor-widget elementor-widget-text-editor\" data-id=\"440576d6\" data-element_type=\"widget\" data-widget_type=\"text-editor.default\">\n\t\t\t\t<div class=\"elementor-widget-container\">\n\t\t\t\t\t\t\t\t\t\n<p>Als langj\u00e4hriger Aussteller konnten wir uns bei der BAU vom 13. \u2013 17 Januar 2025 einem internationalen Publikum pr\u00e4sentieren.<\/p>\n\n<p>Wir bedanken uns bei allen Besuchern unseres Messestandes f\u00fcr die freundlichen, konstruktiven und informativen Gespr\u00e4che.<\/p>\n<p>Weitere Informationen zur Messe finden Sie unter <a href=\"https:\/\/bau-muenchen.com\/de\/messe\/presse\/pressemitteilungen\/detail\/bau-2025-schlussbericht.html\">http:\/\/www.bau-muenchen.com<\/a><\/p>\n\t\t\t\t\t\t\t\t<\/div>\n\t\t\t\t<\/div>\n\t\t\t\t\t<\/div>\n\t\t\t\t<\/div>\n\t\t\t\t<\/div>","protected":false},"excerpt":{"rendered":"<p>Als langj\u00e4hriger Aussteller konnten wir uns bei der BAU vom 13. \u2013 17 Januar 2025 einem internationalen Publikum pr\u00e4sentieren. Wir bedanken uns bei allen Besuchern unseres Messestandes f\u00fcr die freundlichen, konstruktiven und informativen Gespr\u00e4che. Weitere Informationen zur Messe finden Sie unter http:\/\/www.bau-muenchen.com<\/p>","protected":false},"author":4,"featured_media":5084,"comment_status":"closed","ping_status":"closed","sticky":false,"template":"","format":"standard","meta":{"site-sidebar-layout":"default","site-content-layout":"","ast-site-content-layout":"default","site-content-style":"default","site-sidebar-style":"default","ast-global-header-display":"","ast-banner-title-visibility":"","ast-main-header-display":"","ast-hfb-above-header-display":"","ast-hfb-below-header-display":"","ast-hfb-mobile-header-display":"","site-post-title":"","ast-breadcrumbs-content":"","ast-featured-img":"","footer-sml-layout":"","theme-transparent-header-meta":"","adv-header-id-meta":"","stick-header-meta":"","header-above-stick-meta":"","header-main-stick-meta":"","header-below-stick-meta":"","astra-migrate-meta-layouts":"set","ast-page-background-enabled":"default","ast-page-background-meta":{"desktop":{"background-color":"var(--ast-global-color-4)","background-image":"","background-repeat":"repeat","background-position":"center center","background-size":"auto","background-attachment":"scroll","background-type":"","background-media":"","overlay-type":"","overlay-color":"","overlay-opacity":"","overlay-gradient":""},"tablet":{"background-color":"","background-image":"","background-repeat":"repeat","background-position":"center center","background-size":"auto","background-attachment":"scroll","background-type":"","background-media":"","overlay-type":"","overlay-color":"","overlay-opacity":"","overlay-gradient":""},"mobile":{"background-color":"","background-image":"","background-repeat":"repeat","background-position":"center center","background-size":"auto","background-attachment":"scroll","background-type":"","background-media":"","overlay-type":"","overlay-color":"","overlay-opacity":"","overlay-gradient":""}},"ast-content-background-meta":{"desktop":{"background-color":"var(--ast-global-color-5)","background-image":"","background-repeat":"repeat","background-position":"center center","background-size":"auto","background-attachment":"scroll","background-type":"","background-media":"","overlay-type":"","overlay-color":"","overlay-opacity":"","overlay-gradient":""},"tablet":{"background-color":"var(--ast-global-color-5)","background-image":"","background-repeat":"repeat","background-position":"center center","background-size":"auto","background-attachment":"scroll","background-type":"","background-media":"","overlay-type":"","overlay-color":"","overlay-opacity":"","overlay-gradient":""},"mobile":{"background-color":"var(--ast-global-color-5)","background-image":"","background-repeat":"repeat","background-position":"center center","background-size":"auto","background-attachment":"scroll","background-type":"","background-media":"","overlay-type":"","overlay-color":"","overlay-opacity":"","overlay-gradient":""}},"footnotes":""},"categories":[14,1,17],"tags":[24,25,27,30,29,26,28,23],"class_list":["post-5086","post","type-post","status-publish","format-standard","has-post-thumbnail","hentry","category-aktuelles","category-allgemein","category-messekalender","tag-bau","tag-baumuenchen","tag-befestigungsmaterial","tag-duebelanker","tag-fassadenbau","tag-fastener-fair","tag-luftschichtanker","tag-messe"],"yoast_head":"<!-- This site is optimized with the Yoast SEO plugin v27.4 - https:\/\/yoast.com\/product\/yoast-seo-wordpress\/ -->\n<title>Messe Bau 2025 | Bever Befestigungstechnik<\/title>\n<meta name=\"robots\" content=\"index, follow, max-snippet:-1, max-image-preview:large, max-video-preview:-1\" \/>\n<link rel=\"canonical\" href=\"https:\/\/www.bever.de\/en\/aktuelles\/messe-bau-2025\/\" \/>\n<meta property=\"og:locale\" content=\"en_GB\" \/>\n<meta property=\"og:type\" content=\"article\" \/>\n<meta property=\"og:title\" content=\"Messe Bau 2025 | Bever Befestigungstechnik\" \/>\n<meta property=\"og:description\" content=\"Als langj\u00e4hriger Aussteller konnten wir uns bei der BAU vom 13. \u2013 17 Januar 2025 einem internationalen Publikum pr\u00e4sentieren. Wir bedanken uns bei allen Besuchern unseres Messestandes f\u00fcr die freundlichen, konstruktiven und informativen Gespr\u00e4che. Weitere Informationen zur Messe finden Sie unter http:\/\/www.bau-muenchen.com\" \/>\n<meta property=\"og:url\" content=\"https:\/\/www.bever.de\/en\/aktuelles\/messe-bau-2025\/\" \/>\n<meta property=\"og:site_name\" content=\"Bever Befestigungstechnik\" \/>\n<meta property=\"article:published_time\" content=\"2025-01-20T07:04:49+00:00\" \/>\n<meta property=\"article:modified_time\" content=\"2025-12-04T07:13:40+00:00\" \/>\n<meta property=\"og:image\" content=\"https:\/\/www.bever.de\/wp-content\/uploads\/2024\/09\/240619_BAU25_Mediakit_Aussteller_1024x512_DE.jpg\" \/>\n\t<meta property=\"og:image:width\" content=\"1024\" \/>\n\t<meta property=\"og:image:height\" content=\"512\" \/>\n\t<meta property=\"og:image:type\" content=\"image\/jpeg\" \/>\n<meta name=\"author\" content=\"jlabrenz\" \/>\n<meta name=\"twitter:card\" content=\"summary_large_image\" \/>\n<meta name=\"twitter:label1\" content=\"Written by\" \/>\n\t<meta name=\"twitter:data1\" content=\"jlabrenz\" \/>\n\t<meta name=\"twitter:label2\" content=\"Estimated reading time\" \/>\n\t<meta name=\"twitter:data2\" content=\"1 minute\" \/>\n<script type=\"application\/ld+json\" class=\"yoast-schema-graph\">{\"@context\":\"https:\\\/\\\/schema.org\",\"@graph\":[{\"@type\":\"Article\",\"@id\":\"https:\\\/\\\/www.bever.de\\\/allgemein\\\/messe-bau-2025\\\/#article\",\"isPartOf\":{\"@id\":\"https:\\\/\\\/www.bever.de\\\/allgemein\\\/messe-bau-2025\\\/\"},\"author\":{\"name\":\"jlabrenz\",\"@id\":\"https:\\\/\\\/www.bever.de\\\/#\\\/schema\\\/person\\\/3ef1762a12e2abd36e0812d9067f6bf0\"},\"headline\":\"Messe Bau 2025\",\"datePublished\":\"2025-01-20T07:04:49+00:00\",\"dateModified\":\"2025-12-04T07:13:40+00:00\",\"mainEntityOfPage\":{\"@id\":\"https:\\\/\\\/www.bever.de\\\/allgemein\\\/messe-bau-2025\\\/\"},\"wordCount\":47,\"publisher\":{\"@id\":\"https:\\\/\\\/www.bever.de\\\/#organization\"},\"image\":{\"@id\":\"https:\\\/\\\/www.bever.de\\\/allgemein\\\/messe-bau-2025\\\/#primaryimage\"},\"thumbnailUrl\":\"https:\\\/\\\/www.bever.de\\\/wp-content\\\/uploads\\\/2024\\\/09\\\/240619_BAU25_Mediakit_Aussteller_1024x512_DE.jpg\",\"keywords\":[\"BAU\",\"BAUMUENCHEN\",\"BEFESTIGUNGSMATERIAL\",\"D\u00fcbelanker\",\"Fassadenbau\",\"FASTENER FAIR\",\"Luftschichtanker\",\"Messe\"],\"articleSection\":[\"Aktuelles\",\"Allgemein\",\"Messekalender\"],\"inLanguage\":\"en-GB\"},{\"@type\":\"WebPage\",\"@id\":\"https:\\\/\\\/www.bever.de\\\/allgemein\\\/messe-bau-2025\\\/\",\"url\":\"https:\\\/\\\/www.bever.de\\\/allgemein\\\/messe-bau-2025\\\/\",\"name\":\"Messe Bau 2025 | Bever Befestigungstechnik\",\"isPartOf\":{\"@id\":\"https:\\\/\\\/www.bever.de\\\/#website\"},\"primaryImageOfPage\":{\"@id\":\"https:\\\/\\\/www.bever.de\\\/allgemein\\\/messe-bau-2025\\\/#primaryimage\"},\"image\":{\"@id\":\"https:\\\/\\\/www.bever.de\\\/allgemein\\\/messe-bau-2025\\\/#primaryimage\"},\"thumbnailUrl\":\"https:\\\/\\\/www.bever.de\\\/wp-content\\\/uploads\\\/2024\\\/09\\\/240619_BAU25_Mediakit_Aussteller_1024x512_DE.jpg\",\"datePublished\":\"2025-01-20T07:04:49+00:00\",\"dateModified\":\"2025-12-04T07:13:40+00:00\",\"breadcrumb\":{\"@id\":\"https:\\\/\\\/www.bever.de\\\/allgemein\\\/messe-bau-2025\\\/#breadcrumb\"},\"inLanguage\":\"en-GB\",\"potentialAction\":[{\"@type\":\"ReadAction\",\"target\":[\"https:\\\/\\\/www.bever.de\\\/allgemein\\\/messe-bau-2025\\\/\"]}]},{\"@type\":\"ImageObject\",\"inLanguage\":\"en-GB\",\"@id\":\"https:\\\/\\\/www.bever.de\\\/allgemein\\\/messe-bau-2025\\\/#primaryimage\",\"url\":\"https:\\\/\\\/www.bever.de\\\/wp-content\\\/uploads\\\/2024\\\/09\\\/240619_BAU25_Mediakit_Aussteller_1024x512_DE.jpg\",\"contentUrl\":\"https:\\\/\\\/www.bever.de\\\/wp-content\\\/uploads\\\/2024\\\/09\\\/240619_BAU25_Mediakit_Aussteller_1024x512_DE.jpg\",\"width\":1024,\"height\":512},{\"@type\":\"BreadcrumbList\",\"@id\":\"https:\\\/\\\/www.bever.de\\\/allgemein\\\/messe-bau-2025\\\/#breadcrumb\",\"itemListElement\":[{\"@type\":\"ListItem\",\"position\":1,\"name\":\"Startseite\",\"item\":\"https:\\\/\\\/www.bever.de\\\/\"},{\"@type\":\"ListItem\",\"position\":2,\"name\":\"Messe Bau 2025\"}]},{\"@type\":\"WebSite\",\"@id\":\"https:\\\/\\\/www.bever.de\\\/#website\",\"url\":\"https:\\\/\\\/www.bever.de\\\/\",\"name\":\"BEVER Befestigungstechnik\",\"description\":\"Verbindet \u00fcber Generationen\",\"publisher\":{\"@id\":\"https:\\\/\\\/www.bever.de\\\/#organization\"},\"potentialAction\":[{\"@type\":\"SearchAction\",\"target\":{\"@type\":\"EntryPoint\",\"urlTemplate\":\"https:\\\/\\\/www.bever.de\\\/?s={search_term_string}\"},\"query-input\":{\"@type\":\"PropertyValueSpecification\",\"valueRequired\":true,\"valueName\":\"search_term_string\"}}],\"inLanguage\":\"en-GB\"},{\"@type\":\"Organization\",\"@id\":\"https:\\\/\\\/www.bever.de\\\/#organization\",\"name\":\"BEVER Befestigungstechnik\",\"url\":\"https:\\\/\\\/www.bever.de\\\/\",\"logo\":{\"@type\":\"ImageObject\",\"inLanguage\":\"en-GB\",\"@id\":\"https:\\\/\\\/www.bever.de\\\/#\\\/schema\\\/logo\\\/image\\\/\",\"url\":\"https:\\\/\\\/www.bever.de\\\/wp-content\\\/uploads\\\/2022\\\/12\\\/bever-logo.svg\",\"contentUrl\":\"https:\\\/\\\/www.bever.de\\\/wp-content\\\/uploads\\\/2022\\\/12\\\/bever-logo.svg\",\"caption\":\"BEVER Befestigungstechnik\"},\"image\":{\"@id\":\"https:\\\/\\\/www.bever.de\\\/#\\\/schema\\\/logo\\\/image\\\/\"}},{\"@type\":\"Person\",\"@id\":\"https:\\\/\\\/www.bever.de\\\/#\\\/schema\\\/person\\\/3ef1762a12e2abd36e0812d9067f6bf0\",\"name\":\"jlabrenz\",\"image\":{\"@type\":\"ImageObject\",\"inLanguage\":\"en-GB\",\"@id\":\"https:\\\/\\\/secure.gravatar.com\\\/avatar\\\/4edea5c227f35c97d1fcd5e93229a1fdc665fdee854126752f23fd2337867170?s=96&d=mm&r=g\",\"url\":\"https:\\\/\\\/secure.gravatar.com\\\/avatar\\\/4edea5c227f35c97d1fcd5e93229a1fdc665fdee854126752f23fd2337867170?s=96&d=mm&r=g\",\"contentUrl\":\"https:\\\/\\\/secure.gravatar.com\\\/avatar\\\/4edea5c227f35c97d1fcd5e93229a1fdc665fdee854126752f23fd2337867170?s=96&d=mm&r=g\",\"caption\":\"jlabrenz\"},\"url\":\"https:\\\/\\\/www.bever.de\\\/en\\\/author\\\/jlabrenz\\\/\"}]}<\/script>\n<!-- \/ Yoast SEO plugin. -->","yoast_head_json":{"title":"Messe Bau 2025 | Bever Befestigungstechnik","robots":{"index":"index","follow":"follow","max-snippet":"max-snippet:-1","max-image-preview":"max-image-preview:large","max-video-preview":"max-video-preview:-1"},"canonical":"https:\/\/www.bever.de\/en\/aktuelles\/messe-bau-2025\/","og_locale":"en_GB","og_type":"article","og_title":"Messe Bau 2025 | Bever Befestigungstechnik","og_description":"Als langj\u00e4hriger Aussteller konnten wir uns bei der BAU vom 13. \u2013 17 Januar 2025 einem internationalen Publikum pr\u00e4sentieren. Wir bedanken uns bei allen Besuchern unseres Messestandes f\u00fcr die freundlichen, konstruktiven und informativen Gespr\u00e4che. Weitere Informationen zur Messe finden Sie unter http:\/\/www.bau-muenchen.com","og_url":"https:\/\/www.bever.de\/en\/aktuelles\/messe-bau-2025\/","og_site_name":"Bever Befestigungstechnik","article_published_time":"2025-01-20T07:04:49+00:00","article_modified_time":"2025-12-04T07:13:40+00:00","og_image":[{"width":1024,"height":512,"url":"https:\/\/www.bever.de\/wp-content\/uploads\/2024\/09\/240619_BAU25_Mediakit_Aussteller_1024x512_DE.jpg","type":"image\/jpeg"}],"author":"jlabrenz","twitter_card":"summary_large_image","twitter_misc":{"Written by":"jlabrenz","Estimated reading time":"1 minute"},"schema":{"@context":"https:\/\/schema.org","@graph":[{"@type":"Article","@id":"https:\/\/www.bever.de\/allgemein\/messe-bau-2025\/#article","isPartOf":{"@id":"https:\/\/www.bever.de\/allgemein\/messe-bau-2025\/"},"author":{"name":"jlabrenz","@id":"https:\/\/www.bever.de\/#\/schema\/person\/3ef1762a12e2abd36e0812d9067f6bf0"},"headline":"Messe Bau 2025","datePublished":"2025-01-20T07:04:49+00:00","dateModified":"2025-12-04T07:13:40+00:00","mainEntityOfPage":{"@id":"https:\/\/www.bever.de\/allgemein\/messe-bau-2025\/"},"wordCount":47,"publisher":{"@id":"https:\/\/www.bever.de\/#organization"},"image":{"@id":"https:\/\/www.bever.de\/allgemein\/messe-bau-2025\/#primaryimage"},"thumbnailUrl":"https:\/\/www.bever.de\/wp-content\/uploads\/2024\/09\/240619_BAU25_Mediakit_Aussteller_1024x512_DE.jpg","keywords":["BAU","BAUMUENCHEN","BEFESTIGUNGSMATERIAL","D\u00fcbelanker","Fassadenbau","FASTENER FAIR","Luftschichtanker","Messe"],"articleSection":["Aktuelles","Allgemein","Messekalender"],"inLanguage":"en-GB"},{"@type":"WebPage","@id":"https:\/\/www.bever.de\/allgemein\/messe-bau-2025\/","url":"https:\/\/www.bever.de\/allgemein\/messe-bau-2025\/","name":"Messe Bau 2025 | Bever Befestigungstechnik","isPartOf":{"@id":"https:\/\/www.bever.de\/#website"},"primaryImageOfPage":{"@id":"https:\/\/www.bever.de\/allgemein\/messe-bau-2025\/#primaryimage"},"image":{"@id":"https:\/\/www.bever.de\/allgemein\/messe-bau-2025\/#primaryimage"},"thumbnailUrl":"https:\/\/www.bever.de\/wp-content\/uploads\/2024\/09\/240619_BAU25_Mediakit_Aussteller_1024x512_DE.jpg","datePublished":"2025-01-20T07:04:49+00:00","dateModified":"2025-12-04T07:13:40+00:00","breadcrumb":{"@id":"https:\/\/www.bever.de\/allgemein\/messe-bau-2025\/#breadcrumb"},"inLanguage":"en-GB","potentialAction":[{"@type":"ReadAction","target":["https:\/\/www.bever.de\/allgemein\/messe-bau-2025\/"]}]},{"@type":"ImageObject","inLanguage":"en-GB","@id":"https:\/\/www.bever.de\/allgemein\/messe-bau-2025\/#primaryimage","url":"https:\/\/www.bever.de\/wp-content\/uploads\/2024\/09\/240619_BAU25_Mediakit_Aussteller_1024x512_DE.jpg","contentUrl":"https:\/\/www.bever.de\/wp-content\/uploads\/2024\/09\/240619_BAU25_Mediakit_Aussteller_1024x512_DE.jpg","width":1024,"height":512},{"@type":"BreadcrumbList","@id":"https:\/\/www.bever.de\/allgemein\/messe-bau-2025\/#breadcrumb","itemListElement":[{"@type":"ListItem","position":1,"name":"Startseite","item":"https:\/\/www.bever.de\/"},{"@type":"ListItem","position":2,"name":"Messe Bau 2025"}]},{"@type":"WebSite","@id":"https:\/\/www.bever.de\/#website","url":"https:\/\/www.bever.de\/","name":"BEVER fastening technology","description":"Connects across generations","publisher":{"@id":"https:\/\/www.bever.de\/#organization"},"potentialAction":[{"@type":"SearchAction","target":{"@type":"EntryPoint","urlTemplate":"https:\/\/www.bever.de\/?s={search_term_string}"},"query-input":{"@type":"PropertyValueSpecification","valueRequired":true,"valueName":"search_term_string"}}],"inLanguage":"en-GB"},{"@type":"Organization","@id":"https:\/\/www.bever.de\/#organization","name":"BEVER fastening technology","url":"https:\/\/www.bever.de\/","logo":{"@type":"ImageObject","inLanguage":"en-GB","@id":"https:\/\/www.bever.de\/#\/schema\/logo\/image\/","url":"https:\/\/www.bever.de\/wp-content\/uploads\/2022\/12\/bever-logo.svg","contentUrl":"https:\/\/www.bever.de\/wp-content\/uploads\/2022\/12\/bever-logo.svg","caption":"BEVER Befestigungstechnik"},"image":{"@id":"https:\/\/www.bever.de\/#\/schema\/logo\/image\/"}},{"@type":"Person","@id":"https:\/\/www.bever.de\/#\/schema\/person\/3ef1762a12e2abd36e0812d9067f6bf0","name":"jlabrenz","image":{"@type":"ImageObject","inLanguage":"en-GB","@id":"https:\/\/secure.gravatar.com\/avatar\/4edea5c227f35c97d1fcd5e93229a1fdc665fdee854126752f23fd2337867170?s=96&d=mm&r=g","url":"https:\/\/secure.gravatar.com\/avatar\/4edea5c227f35c97d1fcd5e93229a1fdc665fdee854126752f23fd2337867170?s=96&d=mm&r=g","contentUrl":"https:\/\/secure.gravatar.com\/avatar\/4edea5c227f35c97d1fcd5e93229a1fdc665fdee854126752f23fd2337867170?s=96&d=mm&r=g","caption":"jlabrenz"},"url":"https:\/\/www.bever.de\/en\/author\/jlabrenz\/"}]}},"_links":{"self":[{"href":"https:\/\/www.bever.de\/en\/wp-json\/wp\/v2\/posts\/5086","targetHints":{"allow":["GET"]}}],"collection":[{"href":"https:\/\/www.bever.de\/en\/wp-json\/wp\/v2\/posts"}],"about":[{"href":"https:\/\/www.bever.de\/en\/wp-json\/wp\/v2\/types\/post"}],"author":[{"embeddable":true,"href":"https:\/\/www.bever.de\/en\/wp-json\/wp\/v2\/users\/4"}],"replies":[{"embeddable":true,"href":"https:\/\/www.bever.de\/en\/wp-json\/wp\/v2\/comments?post=5086"}],"version-history":[{"count":7,"href":"https:\/\/www.bever.de\/en\/wp-json\/wp\/v2\/posts\/5086\/revisions"}],"predecessor-version":[{"id":5207,"href":"https:\/\/www.bever.de\/en\/wp-json\/wp\/v2\/posts\/5086\/revisions\/5207"}],"wp:featuredmedia":[{"embeddable":true,"href":"https:\/\/www.bever.de\/en\/wp-json\/wp\/v2\/media\/5084"}],"wp:attachment":[{"href":"https:\/\/www.bever.de\/en\/wp-json\/wp\/v2\/media?parent=5086"}],"wp:term":[{"taxonomy":"category","embeddable":true,"href":"https:\/\/www.bever.de\/en\/wp-json\/wp\/v2\/categories?post=5086"},{"taxonomy":"post_tag","embeddable":true,"href":"https:\/\/www.bever.de\/en\/wp-json\/wp\/v2\/tags?post=5086"}],"curies":[{"name":"wp","href":"https:\/\/api.w.org\/{rel}","templated":true}]}}